{"id":904,"date":"2020-02-28T07:31:21","date_gmt":"2020-02-28T06:31:21","guid":{"rendered":"http:\/\/migrationplus.ch\/2013-congres\/"},"modified":"2020-03-01T08:21:41","modified_gmt":"2020-03-01T07:21:41","slug":"2013-congres","status":"publish","type":"post","link":"https:\/\/migrationplus.ch\/fr\/2013-congres\/","title":{"rendered":"2013 \u2013 Congr\u00e8s"},"content":{"rendered":"<h1>\u00abLes \u00c9rythr\u00e9ens en Suisse: contextes, situations de vie, perspectives\u00bb<\/h1>\n<p>Le symposium de cette ann\u00e9e a eu lieu le 21 mars 2013 au Bahnhofbuffet Olten. Il \u00e9tait consacr\u00e9 \u00e0 la situation de la diaspora \u00e9rythr\u00e9enne en Suisse et l&rsquo;a examin\u00e9e sous diff\u00e9rents angles : la situation politique en Erythr\u00e9e et la fuite de ce pays ainsi que les situations et les perspectives de vie en Suisse.<\/p>\n<p><a href=\"https:\/\/migrationplus.ch\/wp-content\/uploads\/Fachtagung_2013_Flyer_mit_Programm.pdf\" target=\"_blank\" rel=\"noopener noreferrer\">Flyer avec programme<\/a><\/p>\n<p><a href=\"https:\/\/migrationplus.ch\/wp-content\/uploads\/Eritreische_Patienten.pdf\" target=\"_blank\" rel=\"noopener noreferrer\">\u00abLes patients \u00e9rythr\u00e9ens &#8211; un d\u00e9fi interculturel et interdisciplinaire\u00bb, Fana Asefaw<\/a><\/p>\n<p><a href=\"https:\/\/migrationplus.ch\/wp-content\/uploads\/Eritrea_Historical_Background_and_Political_Situation.pdf\" target=\"_blank\" rel=\"noopener noreferrer\">\u00abErythr\u00e9e &#8211; Contexte historique et situation politique\u00bb, David Bozzini<\/a><\/p>\n<p><a href=\"https:\/\/migrationplus.ch\/wp-content\/uploads\/Soziale_Beziehungen_unter_eritreischen_Diaspora_Gruppen.pdf\" target=\"_blank\" rel=\"noopener noreferrer\">\u00abRelations sociales entre les groupes de la diaspora \u00e9rythr\u00e9enne\u00bb,<br \/>\nFabienne Glatthard<\/a><\/p>\n<p><a href=\"https:\/\/migrationplus.ch\/wp-content\/uploads\/Flucht_aus_Eritrea_in_die_Schweiz.pdf\" target=\"_blank\" rel=\"noopener noreferrer\">\u00abFuite de l&rsquo;Erythr\u00e9e vers la Suisse\u00bb, SFH Aide suisse aux r\u00e9fugi\u00e9s<\/a><\/p>\n","protected":false},"excerpt":{"rendered":"<p>\u00abLes \u00c9rythr\u00e9ens en Suisse: contextes, situations de vie, perspectives\u00bb Le <a href=\"https:\/\/migrationplus.ch\/fr\/2013-congres\/\"> [&#8230;]<\/a><\/p>\n","protected":false},"author":1,"featured_media":1023,"comment_status":"closed","ping_status":"closed","sticky":false,"template":"","format":"standard","meta":{"footnotes":""},"categories":[11],"tags":[],"class_list":["post-904","post","type-post","status-publish","format-standard","has-post-thumbnail","hentry","category-post"],"_links":{"self":[{"href":"https:\/\/migrationplus.ch\/fr\/wp-json\/wp\/v2\/posts\/904","targetHints":{"allow":["GET"]}}],"collection":[{"href":"https:\/\/migrationplus.ch\/fr\/wp-json\/wp\/v2\/posts"}],"about":[{"href":"https:\/\/migrationplus.ch\/fr\/wp-json\/wp\/v2\/types\/post"}],"author":[{"embeddable":true,"href":"https:\/\/migrationplus.ch\/fr\/wp-json\/wp\/v2\/users\/1"}],"replies":[{"embeddable":true,"href":"https:\/\/migrationplus.ch\/fr\/wp-json\/wp\/v2\/comments?post=904"}],"version-history":[{"count":0,"href":"https:\/\/migrationplus.ch\/fr\/wp-json\/wp\/v2\/posts\/904\/revisions"}],"wp:featuredmedia":[{"embeddable":true,"href":"https:\/\/migrationplus.ch\/fr\/wp-json\/wp\/v2\/media\/1023"}],"wp:attachment":[{"href":"https:\/\/migrationplus.ch\/fr\/wp-json\/wp\/v2\/media?parent=904"}],"wp:term":[{"taxonomy":"category","embeddable":true,"href":"https:\/\/migrationplus.ch\/fr\/wp-json\/wp\/v2\/categories?post=904"},{"taxonomy":"post_tag","embeddable":true,"href":"https:\/\/migrationplus.ch\/fr\/wp-json\/wp\/v2\/tags?post=904"}],"curies":[{"name":"wp","href":"https:\/\/api.w.org\/{rel}","templated":true}]}}