{"id":902,"date":"2020-02-28T07:31:11","date_gmt":"2020-02-28T06:31:11","guid":{"rendered":"http:\/\/migrationplus.ch\/2014-congres\/"},"modified":"2022-01-16T17:18:09","modified_gmt":"2022-01-16T16:18:09","slug":"2014-congres","status":"publish","type":"post","link":"https:\/\/migrationplus.ch\/fr\/2014-congres\/","title":{"rendered":"2014 \u2013 Congr\u00e8s"},"content":{"rendered":"<h1>R\u00e9vision \u00abL&rsquo;enseignement et la formation professionnels &#8211; la cl\u00e9 de l&rsquo;int\u00e9gration\u00bb 03.04.2014<\/h1>\n<p>La premi\u00e8re manifestation sp\u00e9cialis\u00e9e de migrationplus sur le th\u00e8me de la formation professionnelle et de l&rsquo;exploitation du potentiel a \u00e9t\u00e9 tr\u00e8s bien accueillie. Environ 35 participants ont re\u00e7u de nouvelles contributions. Ils ont \u00e9galement appr\u00e9ci\u00e9 l&rsquo;\u00e9change professionnel pendant les pauses.<br \/>\nAndrea Weiss, responsable de la coordination de l&rsquo;asile et des r\u00e9fugi\u00e9s Uster et des cours Vamos, s&rsquo;est pr\u00e9sent\u00e9e comme la responsable de la r\u00e9gion zurichoise de migrationplus.<\/p>\n<p>Voici les pr\u00e9sentations de<\/p>\n<p><a href=\"http:\/\/rubenlippuner.ch\/mp\/wp-content\/uploads\/Kantonales_Integrationsprogramm.pdf\" target=\"_blank\" rel=\"noopener noreferrer\">Julia Morais, commissaire \u00e0 l&rsquo;int\u00e9gration du canton de Zurich<\/a><\/p>\n<p><a href=\"http:\/\/rubenlippuner.ch\/mp\/wp-content\/uploads\/Berufsbildung_Der_Schlu\u0308ssel_zur_Integration.pdf\" target=\"_blank\" rel=\"noopener noreferrer\">Kaspar Schneider, responsable des mesures strat\u00e9giques AOZ<br \/>\n<\/a><\/p>\n<p><a href=\"http:\/\/rubenlippuner.ch\/mp\/wp-content\/uploads\/Berufliche_Bildung_im_Gesundheitsbereich.pdf\" target=\"_blank\" rel=\"noopener noreferrer\">Albert Jucker, directeur adjoint de la MRH, H\u00f4pital cantonal de Winterthur<\/a><\/p>\n","protected":false},"excerpt":{"rendered":"<p>R\u00e9vision \u00abL&rsquo;enseignement et la formation professionnels &#8211; la cl\u00e9 de <a href=\"https:\/\/migrationplus.ch\/fr\/2014-congres\/\"> [&#8230;]<\/a><\/p>\n","protected":false},"author":1,"featured_media":1025,"comment_status":"closed","ping_status":"closed","sticky":false,"template":"","format":"standard","meta":{"footnotes":""},"categories":[11],"tags":[],"class_list":["post-902","post","type-post","status-publish","format-standard","has-post-thumbnail","hentry","category-post"],"_links":{"self":[{"href":"https:\/\/migrationplus.ch\/fr\/wp-json\/wp\/v2\/posts\/902","targetHints":{"allow":["GET"]}}],"collection":[{"href":"https:\/\/migrationplus.ch\/fr\/wp-json\/wp\/v2\/posts"}],"about":[{"href":"https:\/\/migrationplus.ch\/fr\/wp-json\/wp\/v2\/types\/post"}],"author":[{"embeddable":true,"href":"https:\/\/migrationplus.ch\/fr\/wp-json\/wp\/v2\/users\/1"}],"replies":[{"embeddable":true,"href":"https:\/\/migrationplus.ch\/fr\/wp-json\/wp\/v2\/comments?post=902"}],"version-history":[{"count":1,"href":"https:\/\/migrationplus.ch\/fr\/wp-json\/wp\/v2\/posts\/902\/revisions"}],"predecessor-version":[{"id":1349,"href":"https:\/\/migrationplus.ch\/fr\/wp-json\/wp\/v2\/posts\/902\/revisions\/1349"}],"wp:featuredmedia":[{"embeddable":true,"href":"https:\/\/migrationplus.ch\/fr\/wp-json\/wp\/v2\/media\/1025"}],"wp:attachment":[{"href":"https:\/\/migrationplus.ch\/fr\/wp-json\/wp\/v2\/media?parent=902"}],"wp:term":[{"taxonomy":"category","embeddable":true,"href":"https:\/\/migrationplus.ch\/fr\/wp-json\/wp\/v2\/categories?post=902"},{"taxonomy":"post_tag","embeddable":true,"href":"https:\/\/migrationplus.ch\/fr\/wp-json\/wp\/v2\/tags?post=902"}],"curies":[{"name":"wp","href":"https:\/\/api.w.org\/{rel}","templated":true}]}}