{"id":900,"date":"2020-02-28T07:30:38","date_gmt":"2020-02-28T06:30:38","guid":{"rendered":"http:\/\/migrationplus.ch\/2014-celebration-des-diplomes\/"},"modified":"2020-02-28T07:30:38","modified_gmt":"2020-02-28T06:30:38","slug":"2014-celebration-des-diplomes","status":"publish","type":"post","link":"https:\/\/migrationplus.ch\/fr\/2014-celebration-des-diplomes\/","title":{"rendered":"2014 \u2013 C\u00e9l\u00e9bration des dipl\u00f4mes"},"content":{"rendered":"<h1>C\u00e9r\u00e9monie de remise des dipl\u00f4mes MFP 25.06.2014<br \/>\nmigrationplus f\u00e9licite tous les sp\u00e9cialistes de la migration fra\u00eechement dipl\u00f4m\u00e9s!<\/h1>\n<p>F\u00eate des dipl\u00f4mes MFP (sp\u00e9cialiste des migrations) le mercredi 25 juin 2014 \u00e0 Biel\/Bienne<br \/>\nLe mercredi 25 juin 2014, la remise des dipl\u00f4mes de nos nouveaux sp\u00e9cialistes en migration a eu lieu pour la 6e fois au BFB \u00e0 Bienne. Le pr\u00e9sident de la commission d&rsquo;examen, M. Thomas Kunz, directeur de l&rsquo;AOZ, et la copr\u00e9sidente de migrationplus, Mme Anna Sutter, ont souhait\u00e9 la bienvenue aux participants et se sont r\u00e9jouis de l&rsquo;augmentation du nombre de sp\u00e9cialistes qualifi\u00e9s en mati\u00e8re de migration.<\/p>\n<p>Entre les intervenants, l&rsquo;\u00e9v\u00e9nement \u00e9tait accompagn\u00e9 musicalement par Fanny Anderegg.<\/p>\n<p>Mme Madeleine Udahemuka, dipl\u00f4m\u00e9e de la derni\u00e8re ann\u00e9e, a parl\u00e9 de ses exp\u00e9riences dans la classe de CIP.<\/p>\n<p>Mme Beatrice Reusser, responsable des affaires sociales de la ville de Bienne, anciennement employ\u00e9e \u00e0 l&rsquo;Office f\u00e9d\u00e9ral des r\u00e9fugi\u00e9s (aujourd&rsquo;hui ODM), a parl\u00e9 de ses exp\u00e9riences sur l&rsquo;\u00e9volution de la formation du personnel soignant dans le secteur des r\u00e9fugi\u00e9s depuis le milieu des ann\u00e9es 80 et qui a finalement abouti \u00e0 l&rsquo;actuel examen professionnel pour les sp\u00e9cialistes de la migration.<\/p>\n<p>Rapport : Oliver Wilden<\/p>\n","protected":false},"excerpt":{"rendered":"<p>C\u00e9r\u00e9monie de remise des dipl\u00f4mes MFP 25.06.2014 migrationplus f\u00e9licite tous <a href=\"https:\/\/migrationplus.ch\/fr\/2014-celebration-des-diplomes\/\"> [&#8230;]<\/a><\/p>\n","protected":false},"author":1,"featured_media":800,"comment_status":"closed","ping_status":"closed","sticky":false,"template":"","format":"standard","meta":{"footnotes":""},"categories":[18],"tags":[],"class_list":["post-900","post","type-post","status-publish","format-standard","has-post-thumbnail","hentry","category-celebration-diplome"],"_links":{"self":[{"href":"https:\/\/migrationplus.ch\/fr\/wp-json\/wp\/v2\/posts\/900","targetHints":{"allow":["GET"]}}],"collection":[{"href":"https:\/\/migrationplus.ch\/fr\/wp-json\/wp\/v2\/posts"}],"about":[{"href":"https:\/\/migrationplus.ch\/fr\/wp-json\/wp\/v2\/types\/post"}],"author":[{"embeddable":true,"href":"https:\/\/migrationplus.ch\/fr\/wp-json\/wp\/v2\/users\/1"}],"replies":[{"embeddable":true,"href":"https:\/\/migrationplus.ch\/fr\/wp-json\/wp\/v2\/comments?post=900"}],"version-history":[{"count":0,"href":"https:\/\/migrationplus.ch\/fr\/wp-json\/wp\/v2\/posts\/900\/revisions"}],"wp:featuredmedia":[{"embeddable":true,"href":"https:\/\/migrationplus.ch\/fr\/wp-json\/wp\/v2\/media\/800"}],"wp:attachment":[{"href":"https:\/\/migrationplus.ch\/fr\/wp-json\/wp\/v2\/media?parent=900"}],"wp:term":[{"taxonomy":"category","embeddable":true,"href":"https:\/\/migrationplus.ch\/fr\/wp-json\/wp\/v2\/categories?post=900"},{"taxonomy":"post_tag","embeddable":true,"href":"https:\/\/migrationplus.ch\/fr\/wp-json\/wp\/v2\/tags?post=900"}],"curies":[{"name":"wp","href":"https:\/\/api.w.org\/{rel}","templated":true}]}}