{"id":898,"date":"2020-02-28T07:30:23","date_gmt":"2020-02-28T06:30:23","guid":{"rendered":"http:\/\/migrationplus.ch\/2015-evenement-professionnel-zh\/"},"modified":"2022-01-16T17:16:23","modified_gmt":"2022-01-16T16:16:23","slug":"2015-evenement-professionnel-zh","status":"publish","type":"post","link":"https:\/\/migrationplus.ch\/fr\/2015-evenement-professionnel-zh\/","title":{"rendered":"2015 \u2013 \u00c9v\u00e9nement professionnel ZH"},"content":{"rendered":"<h1>Bilan de la manifestation professionnelle ZH du 29.10.2015 \u00abLe b\u00e9n\u00e9volat\u00bb<\/h1>\n<p>Le volontariat a besoin de structures, il doit \u00eatre organis\u00e9 et les volontaires doivent \u00eatre accompagn\u00e9s. Comment les volontaires peuvent-ils travailler de mani\u00e8re \u00e0 ce que les b\u00e9n\u00e9ficiaires en retirent un b\u00e9n\u00e9fice r\u00e9el et que cela n&rsquo;entra\u00eene pas de co\u00fbts plus \u00e9lev\u00e9s pour nous \u00e0 moyen terme ?\u00a0Ces questions et d&rsquo;autres ont \u00e9t\u00e9 discut\u00e9es lors de notre \u00e9v\u00e9nement sp\u00e9cialis\u00e9 du 29.10.2015 et les instruments ont \u00e9t\u00e9 pr\u00e9sent\u00e9s par Hubert Kasch, responsable du travail b\u00e9n\u00e9vole au CRS.<\/p>\n<p><a href=\"http:\/\/rubenlippuner.ch\/mp\/wp-content\/uploads\/Pra\u0308sentation_Hubert_Kausch.pdf\" target=\"_blank\" rel=\"noopener noreferrer\">Pr\u00e9sentation Hubert Kausch<\/a><\/p>\n","protected":false},"excerpt":{"rendered":"<p>Bilan de la manifestation professionnelle ZH du 29.10.2015 \u00abLe b\u00e9n\u00e9volat\u00bb <a href=\"https:\/\/migrationplus.ch\/fr\/2015-evenement-professionnel-zh\/\"> [&#8230;]<\/a><\/p>\n","protected":false},"author":1,"featured_media":1029,"comment_status":"closed","ping_status":"closed","sticky":false,"template":"","format":"standard","meta":{"footnotes":""},"categories":[11],"tags":[],"class_list":["post-898","post","type-post","status-publish","format-standard","has-post-thumbnail","hentry","category-post"],"_links":{"self":[{"href":"https:\/\/migrationplus.ch\/fr\/wp-json\/wp\/v2\/posts\/898","targetHints":{"allow":["GET"]}}],"collection":[{"href":"https:\/\/migrationplus.ch\/fr\/wp-json\/wp\/v2\/posts"}],"about":[{"href":"https:\/\/migrationplus.ch\/fr\/wp-json\/wp\/v2\/types\/post"}],"author":[{"embeddable":true,"href":"https:\/\/migrationplus.ch\/fr\/wp-json\/wp\/v2\/users\/1"}],"replies":[{"embeddable":true,"href":"https:\/\/migrationplus.ch\/fr\/wp-json\/wp\/v2\/comments?post=898"}],"version-history":[{"count":1,"href":"https:\/\/migrationplus.ch\/fr\/wp-json\/wp\/v2\/posts\/898\/revisions"}],"predecessor-version":[{"id":1347,"href":"https:\/\/migrationplus.ch\/fr\/wp-json\/wp\/v2\/posts\/898\/revisions\/1347"}],"wp:featuredmedia":[{"embeddable":true,"href":"https:\/\/migrationplus.ch\/fr\/wp-json\/wp\/v2\/media\/1029"}],"wp:attachment":[{"href":"https:\/\/migrationplus.ch\/fr\/wp-json\/wp\/v2\/media?parent=898"}],"wp:term":[{"taxonomy":"category","embeddable":true,"href":"https:\/\/migrationplus.ch\/fr\/wp-json\/wp\/v2\/categories?post=898"},{"taxonomy":"post_tag","embeddable":true,"href":"https:\/\/migrationplus.ch\/fr\/wp-json\/wp\/v2\/tags?post=898"}],"curies":[{"name":"wp","href":"https:\/\/api.w.org\/{rel}","templated":true}]}}