{"id":896,"date":"2020-02-28T07:29:54","date_gmt":"2020-02-28T06:29:54","guid":{"rendered":"http:\/\/migrationplus.ch\/2016-congres\/"},"modified":"2020-03-01T08:19:26","modified_gmt":"2020-03-01T07:19:26","slug":"2016-congres","status":"publish","type":"post","link":"https:\/\/migrationplus.ch\/fr\/2016-congres\/","title":{"rendered":"2016 \u2013 Congr\u00e8s"},"content":{"rendered":"<h1>Rapport sur le symposium migration:plus &#8211; 09.03.2016 \u00e0 Berne<\/h1>\n<p>\u00c9vasion et traumatisme<\/p>\n<p>Nos co-pr\u00e9sidentes Lisa Stiefel et Anna Sutter ont accueilli plus de 100 participants de toute la Suisse \u00e0 la Missione Cattolica \u00e0 Berne. <a href=\"https:\/\/www.youtube.com\/watch?v=1Eaa0GHm2A8&amp;feature=youtu.be\" target=\"_blank\" rel=\"noopener noreferrer\">YLien vid\u00e9o Youtube.<\/a><\/p>\n<p>La conf\u00e9rence Migration:plus de cette ann\u00e9e a fourni des informations g\u00e9n\u00e9rales sur les traumatismes dans le contexte de la migration et de la fuite. Il a examin\u00e9 le sujet du point de vue des r\u00e9fugi\u00e9s et de ceux qui, au nom du gouvernement f\u00e9d\u00e9ral, s\u00e9lectionnent des personnes particuli\u00e8rement vuln\u00e9rables pour les r\u00e9installer en Suisse. Comme chaque ann\u00e9e, la conf\u00e9rence annuelle a \u00e9galement port\u00e9 sur des questions pratiques : Comment les professionnels s&rsquo;occupent des enfants traumatis\u00e9s, des clients de l&rsquo;aide sociale ou des participants aux programmes d&rsquo;int\u00e9gration. Nous avons \u00e9t\u00e9 particuli\u00e8rement satisfaits de la participation anim\u00e9e des int\u00e9ress\u00e9s de Suisse romande, qui ont b\u00e9n\u00e9fici\u00e9 d&rsquo;une traduction simultan\u00e9e professionnelle.<\/p>\n<p>Comme d&rsquo;habitude, Barbara Strebel a men\u00e9 la conf\u00e9rence avec la confiance habituelle et ses interviews ont permis de r\u00e9pondre imm\u00e9diatement aux questions les plus importantes du public.<\/p>\n<p>Le comit\u00e9 d&rsquo;organisation de la migrationplus<br \/>\nNous tenons ici \u00e0 remercier tous ceux qui ont contribu\u00e9 au succ\u00e8s de cet \u00e9v\u00e9nement.<\/p>\n<p>Le OK: Regula Manz, Barbara Strebel, Michelle Hoegger, Lisa Stiefel<\/p>\n<h4>Pr\u00e9sentations lors du symposium migrationplus &#8211; 09.03.2016 \u00e0 Berne<\/h4>\n<p>\u00c9vasion et traumatisme<\/p>\n<p>Film documentaire \u00abFREMD\u00bb &#8211; Miriram Fassbender, explications sur la r\u00e9alisation<\/p>\n<p>\u00abEtranger\u00bb d\u00e9crit le d\u00e9part d&rsquo;un jeune malien vers l&rsquo;Europe dict\u00e9 par la n\u00e9cessit\u00e9. Depuis deux ans et demi, il est sur la route d&rsquo;un monde dans lequel il n&rsquo;a jamais voulu vivre. Le film recherche les motifs de cette fuite et donne un aper\u00e7u des conditions de vie et du quotidien \u00e9reintant des migrants en route de l&rsquo;Afrique subsaharienne vers l&rsquo;Europe via l&rsquo;Alg\u00e9rie et le Maroc. Il montre leur vie, marqu\u00e9e par l&rsquo;agitation et l&rsquo;espoir, la fuite et la stagnation. La vie de voyageur pendant des ann\u00e9es et la survie dans un pays \u00e9tranger\u00a0\u00bb.<br \/>\n<a href=\"http:\/\/www.peripherfilm.de\/fremd\/#trailer\" target=\"_blank\" rel=\"noopener noreferrer\">Link Trailer<\/a>\u00a0 \/ \u00a0<a href=\"http:\/\/www.foreign-documentary.com\/\" target=\"_blank\" rel=\"noopener noreferrer\">Link Homepage<\/a>\u00a0\/\u00a0<a href=\"http:\/\/www.westendverlag.de\/buecher-themen\/programm\/2850-kilometer-miriam-fassbender.html#.VvUs5-LhDIV\" target=\"_blank\" rel=\"noopener noreferrer\">Link Buch<\/a><\/p>\n<p><strong>R\u00e9fugi\u00e9s traumatis\u00e9s par la guerre &#8211; Dr.med.Alexa Kuenburg, Clinique ambulatoire pour les victimes de la torture et de la guerre, Zurich<\/strong><\/p>\n<p><a href=\"https:\/\/migrationplus.ch\/wp-content\/uploads\/Kriegstraumatisierte_Fluechtlinge.pdf\" target=\"_blank\" rel=\"noopener noreferrer\">R\u00e9fugi\u00e9s traumatis\u00e9s par la guerre<\/a><\/p>\n<p><strong>Action d&rsquo;accueil humanitaire 2015 &#8211; Le programme de r\u00e9installation \/ Selina Niederberger, UNHCR<\/strong><\/p>\n<p><a href=\"https:\/\/migrationplus.ch\/wp-content\/uploads\/Resettlementprogramm_UNHDR.pdf\" target=\"_blank\" rel=\"noopener noreferrer\">Programme de r\u00e9installation de l&rsquo;UNHDR<\/a><\/p>\n<p><strong>Les personnes traumatis\u00e9es dans notre travail quotidien &#8211; Martin Rauh, chef des services psychosociaux, AOZ<br \/>\n<\/strong><\/p>\n<p><a href=\"https:\/\/migrationplus.ch\/wp-content\/uploads\/Traumatisierte_Menschen.pdf\" target=\"_blank\" rel=\"noopener noreferrer\">Les personnes traumatis\u00e9es<\/a><\/p>\n<p><strong>Enfants de familles r\u00e9fugi\u00e9es : tous les traumatismes ne sont pas traumatis\u00e9s &#8211; Prof. Dr Andrea Lanfranchi, psychoth\u00e9rapeute f\u00e9d\u00e9ral et psychologue sp\u00e9cialis\u00e9 en psychologie de l&rsquo;enfant et de l&rsquo;adolescent FSP<\/strong><\/p>\n<p><a href=\"https:\/\/migrationplus.ch\/wp-content\/uploads\/Kinder_Fluechtlingsfamilien_praesi.pdf\" target=\"_blank\" rel=\"noopener noreferrer\">Pr\u00e9sentation des enfants et des familles r\u00e9fugi\u00e9es<\/a><\/p>\n<p><a href=\"https:\/\/migrationplus.ch\/wp-content\/uploads\/Kinder_Fluechtlingsfamilien_text.pdf\" target=\"_blank\" rel=\"noopener noreferrer\">Enfants de familles de r\u00e9fugi\u00e9s Texte<\/a><\/p>\n<p>Rapport : Oliver Wilden<br \/>\nPhotos : Roman Della Rossa<\/p>\n","protected":false},"excerpt":{"rendered":"<p>Rapport sur le symposium migration:plus &#8211; 09.03.2016 \u00e0 Berne \u00c9vasion <a href=\"https:\/\/migrationplus.ch\/fr\/2016-congres\/\"> [&#8230;]<\/a><\/p>\n","protected":false},"author":1,"featured_media":856,"comment_status":"closed","ping_status":"closed","sticky":false,"template":"","format":"standard","meta":{"footnotes":""},"categories":[11],"tags":[],"class_list":["post-896","post","type-post","status-publish","format-standard","has-post-thumbnail","hentry","category-post"],"_links":{"self":[{"href":"https:\/\/migrationplus.ch\/fr\/wp-json\/wp\/v2\/posts\/896","targetHints":{"allow":["GET"]}}],"collection":[{"href":"https:\/\/migrationplus.ch\/fr\/wp-json\/wp\/v2\/posts"}],"about":[{"href":"https:\/\/migrationplus.ch\/fr\/wp-json\/wp\/v2\/types\/post"}],"author":[{"embeddable":true,"href":"https:\/\/migrationplus.ch\/fr\/wp-json\/wp\/v2\/users\/1"}],"replies":[{"embeddable":true,"href":"https:\/\/migrationplus.ch\/fr\/wp-json\/wp\/v2\/comments?post=896"}],"version-history":[{"count":0,"href":"https:\/\/migrationplus.ch\/fr\/wp-json\/wp\/v2\/posts\/896\/revisions"}],"wp:featuredmedia":[{"embeddable":true,"href":"https:\/\/migrationplus.ch\/fr\/wp-json\/wp\/v2\/media\/856"}],"wp:attachment":[{"href":"https:\/\/migrationplus.ch\/fr\/wp-json\/wp\/v2\/media?parent=896"}],"wp:term":[{"taxonomy":"category","embeddable":true,"href":"https:\/\/migrationplus.ch\/fr\/wp-json\/wp\/v2\/categories?post=896"},{"taxonomy":"post_tag","embeddable":true,"href":"https:\/\/migrationplus.ch\/fr\/wp-json\/wp\/v2\/tags?post=896"}],"curies":[{"name":"wp","href":"https:\/\/api.w.org\/{rel}","templated":true}]}}