{"id":895,"date":"2020-02-28T07:29:49","date_gmt":"2020-02-28T06:29:49","guid":{"rendered":"http:\/\/migrationplus.ch\/2016-celebration-des-diplomes\/"},"modified":"2020-02-28T07:29:49","modified_gmt":"2020-02-28T06:29:49","slug":"2016-celebration-des-diplomes","status":"publish","type":"post","link":"https:\/\/migrationplus.ch\/fr\/2016-celebration-des-diplomes\/","title":{"rendered":"2016 \u2013 C\u00e9l\u00e9bration des dipl\u00f4mes"},"content":{"rendered":"<h1>C\u00e9r\u00e9monie de remise des dipl\u00f4mes MFP 23.06.2016<br \/>\nmigrationplus f\u00e9licite tous les sp\u00e9cialistes de la migration fra\u00eechement dipl\u00f4m\u00e9s!<\/h1>\n<p>Le jeudi 23 juin 2016, la c\u00e9r\u00e9monie de remise des dipl\u00f4mes de nos nouveaux sp\u00e9cialistes en migration a eu lieu au BFB \u00e0 Biel\/Bienne. Le pr\u00e9sident de la commission d&rsquo;examen, M. Thomas Kunz, directeur de l&rsquo;AOZ, a souhait\u00e9 la bienvenue aux personnes pr\u00e9sentes et a parl\u00e9 de l&rsquo;importance de la profession, suivi par Mme Alexandra Clerc, SEM, qui a inform\u00e9 sur l&rsquo;\u00e9tat actuel de la promotion de l&rsquo;int\u00e9gration.<\/p>\n<p>Le programme a \u00e9t\u00e9 all\u00e9g\u00e9 vocalement par Susanna et Anna.<\/p>\n<h4>Rapport : Oliver Wilden<\/h4>\n","protected":false},"excerpt":{"rendered":"<p>C\u00e9r\u00e9monie de remise des dipl\u00f4mes MFP 23.06.2016 migrationplus f\u00e9licite tous <a href=\"https:\/\/migrationplus.ch\/fr\/2016-celebration-des-diplomes\/\"> [&#8230;]<\/a><\/p>\n","protected":false},"author":1,"featured_media":798,"comment_status":"closed","ping_status":"closed","sticky":false,"template":"","format":"standard","meta":{"footnotes":""},"categories":[18],"tags":[],"class_list":["post-895","post","type-post","status-publish","format-standard","has-post-thumbnail","hentry","category-celebration-diplome"],"_links":{"self":[{"href":"https:\/\/migrationplus.ch\/fr\/wp-json\/wp\/v2\/posts\/895","targetHints":{"allow":["GET"]}}],"collection":[{"href":"https:\/\/migrationplus.ch\/fr\/wp-json\/wp\/v2\/posts"}],"about":[{"href":"https:\/\/migrationplus.ch\/fr\/wp-json\/wp\/v2\/types\/post"}],"author":[{"embeddable":true,"href":"https:\/\/migrationplus.ch\/fr\/wp-json\/wp\/v2\/users\/1"}],"replies":[{"embeddable":true,"href":"https:\/\/migrationplus.ch\/fr\/wp-json\/wp\/v2\/comments?post=895"}],"version-history":[{"count":0,"href":"https:\/\/migrationplus.ch\/fr\/wp-json\/wp\/v2\/posts\/895\/revisions"}],"wp:featuredmedia":[{"embeddable":true,"href":"https:\/\/migrationplus.ch\/fr\/wp-json\/wp\/v2\/media\/798"}],"wp:attachment":[{"href":"https:\/\/migrationplus.ch\/fr\/wp-json\/wp\/v2\/media?parent=895"}],"wp:term":[{"taxonomy":"category","embeddable":true,"href":"https:\/\/migrationplus.ch\/fr\/wp-json\/wp\/v2\/categories?post=895"},{"taxonomy":"post_tag","embeddable":true,"href":"https:\/\/migrationplus.ch\/fr\/wp-json\/wp\/v2\/tags?post=895"}],"curies":[{"name":"wp","href":"https:\/\/api.w.org\/{rel}","templated":true}]}}