{"id":892,"date":"2020-02-28T07:29:31","date_gmt":"2020-02-28T06:29:31","guid":{"rendered":"http:\/\/migrationplus.ch\/2018-celebration-des-diplomes\/"},"modified":"2020-02-28T07:29:31","modified_gmt":"2020-02-28T06:29:31","slug":"2018-celebration-des-diplomes","status":"publish","type":"post","link":"https:\/\/migrationplus.ch\/fr\/2018-celebration-des-diplomes\/","title":{"rendered":"2018 \u2013 C\u00e9l\u00e9bration des dipl\u00f4mes"},"content":{"rendered":"<h1>F\u00e9licitations ! La c\u00e9r\u00e9monie de remise des dipl\u00f4mes MFP a eu lieu le 21.06. 2018 au BFB Biel\/Bienne.<\/h1>\n<p>Examen professionnel pour les sp\u00e9cialistes en migration D\u00e9but mai, les examens professionnels f\u00e9d\u00e9raux pour les sp\u00e9cialistes en migration ont eu lieu \u00e0 Biel\/Bienne. Anna Sutter a repr\u00e9sent\u00e9 migrationplus au sein du comit\u00e9 d&rsquo;examen et plusieurs membres du conseil d&rsquo;administration ont \u00e9t\u00e9 actifs en tant qu&rsquo;experts dans l&rsquo;examen professionnel. Une fois de plus, 40 sp\u00e9cialistes des migrations ont pu obtenir leur dipl\u00f4me \u00e0 la fin du mois de juin. Le d\u00e9l\u00e9gu\u00e9 \u00e0 l&rsquo;int\u00e9gration Nicolas Roguet de Gen\u00e8ve a prononc\u00e9 un discours passionn\u00e9 et le groupe Salt and Pepper a fourni un cadre musical \u00e9pic\u00e9. Les dipl\u00f4m\u00e9s ont re\u00e7u leurs dipl\u00f4mes sous les applaudissements et ont f\u00eat\u00e9 cela avec leurs amis et leur famille autour d&rsquo;un ap\u00e9ritif.<\/p>\n<h4>Rapport : Oliver Wilden<\/h4>\n","protected":false},"excerpt":{"rendered":"<p>F\u00e9licitations ! La c\u00e9r\u00e9monie de remise des dipl\u00f4mes MFP a <a href=\"https:\/\/migrationplus.ch\/fr\/2018-celebration-des-diplomes\/\"> [&#8230;]<\/a><\/p>\n","protected":false},"author":1,"featured_media":795,"comment_status":"closed","ping_status":"closed","sticky":false,"template":"","format":"standard","meta":{"footnotes":""},"categories":[18],"tags":[],"class_list":["post-892","post","type-post","status-publish","format-standard","has-post-thumbnail","hentry","category-celebration-diplome"],"_links":{"self":[{"href":"https:\/\/migrationplus.ch\/fr\/wp-json\/wp\/v2\/posts\/892","targetHints":{"allow":["GET"]}}],"collection":[{"href":"https:\/\/migrationplus.ch\/fr\/wp-json\/wp\/v2\/posts"}],"about":[{"href":"https:\/\/migrationplus.ch\/fr\/wp-json\/wp\/v2\/types\/post"}],"author":[{"embeddable":true,"href":"https:\/\/migrationplus.ch\/fr\/wp-json\/wp\/v2\/users\/1"}],"replies":[{"embeddable":true,"href":"https:\/\/migrationplus.ch\/fr\/wp-json\/wp\/v2\/comments?post=892"}],"version-history":[{"count":0,"href":"https:\/\/migrationplus.ch\/fr\/wp-json\/wp\/v2\/posts\/892\/revisions"}],"wp:featuredmedia":[{"embeddable":true,"href":"https:\/\/migrationplus.ch\/fr\/wp-json\/wp\/v2\/media\/795"}],"wp:attachment":[{"href":"https:\/\/migrationplus.ch\/fr\/wp-json\/wp\/v2\/media?parent=892"}],"wp:term":[{"taxonomy":"category","embeddable":true,"href":"https:\/\/migrationplus.ch\/fr\/wp-json\/wp\/v2\/categories?post=892"},{"taxonomy":"post_tag","embeddable":true,"href":"https:\/\/migrationplus.ch\/fr\/wp-json\/wp\/v2\/tags?post=892"}],"curies":[{"name":"wp","href":"https:\/\/api.w.org\/{rel}","templated":true}]}}