{"id":862,"date":"2020-02-26T09:42:09","date_gmt":"2020-02-26T08:42:09","guid":{"rendered":"http:\/\/migrationplus.ch\/internationaler-tag-der-migrantinnen-und-migranten\/"},"modified":"2020-04-16T12:54:55","modified_gmt":"2020-04-16T10:54:55","slug":"internationaler-tag-der-migrantinnen-und-migranten","status":"publish","type":"post","link":"https:\/\/migrationplus.ch\/fr\/internationaler-tag-der-migrantinnen-und-migranten\/","title":{"rendered":"Rapport de la Commission f\u00e9d\u00e9rale des migrations sur les personnes quittant le syst\u00e8me d&rsquo;asile."},"content":{"rendered":"<h2>Rapport et recommandations sur les personnes quittant le syst\u00e8me d&rsquo;asile.<\/h2>\n<p>Il existe un groupe de personnes qui ne peuvent rester en Suisse ni comme r\u00e9fugi\u00e9s ni comme personnes admises temporairement et qui sont oblig\u00e9es de quitter le pays. La Commission f\u00e9d\u00e9rale des migrations (ODM) publie un rapport et des recommandations sur les personnes quittant le syst\u00e8me d&rsquo;asile \u00e0 l&rsquo;occasion de la Journ\u00e9e internationale des migrants. Le rapport de la CEMT donne une indication sur les profils de ces personnes, sur la mani\u00e8re dont elles vivent leur situation apr\u00e8s avoir quitt\u00e9 le syst\u00e8me d&rsquo;asile, sur les voies qu&rsquo;elles empruntent et sur les perspectives qu&rsquo;elles peuvent d\u00e9velopper. Six portraits donnent un visage aux personnes concern\u00e9es. Sur la base de l&rsquo;\u00e9tude de la KEK-Beratung, l&rsquo;EKM a formul\u00e9 des recommandations.<\/p>\n<p>Vous pouvez t\u00e9l\u00e9charger les documents ici.<\/p>\n<ul>\n<li>\u00c9tude sur les personnes quittant le syst\u00e8me d&rsquo;asile<\/li>\n<li>Bref rapport sur les personnes quittant le syst\u00e8me d&rsquo;asile<\/li>\n<li>Recommandations sur les personnes quittant le syst\u00e8me d&rsquo;asile<\/li>\n<\/ul>\n<p>&nbsp;<\/p>\n","protected":false},"excerpt":{"rendered":"<p>Rapport et recommandations sur les personnes quittant le syst\u00e8me d&rsquo;asile. <a href=\"https:\/\/migrationplus.ch\/fr\/internationaler-tag-der-migrantinnen-und-migranten\/\"> [&#8230;]<\/a><\/p>\n","protected":false},"author":1,"featured_media":1020,"comment_status":"closed","ping_status":"open","sticky":false,"template":"","format":"standard","meta":{"footnotes":""},"categories":[18],"tags":[],"class_list":["post-862","post","type-post","status-publish","format-standard","has-post-thumbnail","hentry","category-celebration-diplome"],"_links":{"self":[{"href":"https:\/\/migrationplus.ch\/fr\/wp-json\/wp\/v2\/posts\/862","targetHints":{"allow":["GET"]}}],"collection":[{"href":"https:\/\/migrationplus.ch\/fr\/wp-json\/wp\/v2\/posts"}],"about":[{"href":"https:\/\/migrationplus.ch\/fr\/wp-json\/wp\/v2\/types\/post"}],"author":[{"embeddable":true,"href":"https:\/\/migrationplus.ch\/fr\/wp-json\/wp\/v2\/users\/1"}],"replies":[{"embeddable":true,"href":"https:\/\/migrationplus.ch\/fr\/wp-json\/wp\/v2\/comments?post=862"}],"version-history":[{"count":0,"href":"https:\/\/migrationplus.ch\/fr\/wp-json\/wp\/v2\/posts\/862\/revisions"}],"wp:featuredmedia":[{"embeddable":true,"href":"https:\/\/migrationplus.ch\/fr\/wp-json\/wp\/v2\/media\/1020"}],"wp:attachment":[{"href":"https:\/\/migrationplus.ch\/fr\/wp-json\/wp\/v2\/media?parent=862"}],"wp:term":[{"taxonomy":"category","embeddable":true,"href":"https:\/\/migrationplus.ch\/fr\/wp-json\/wp\/v2\/categories?post=862"},{"taxonomy":"post_tag","embeddable":true,"href":"https:\/\/migrationplus.ch\/fr\/wp-json\/wp\/v2\/tags?post=862"}],"curies":[{"name":"wp","href":"https:\/\/api.w.org\/{rel}","templated":true}]}}