{"id":1708,"date":"2026-01-21T22:38:17","date_gmt":"2026-01-21T21:38:17","guid":{"rendered":"https:\/\/migrationplus.ch\/3-fevrier-2026-avenir-pour-les-specialistes-en-migration\/"},"modified":"2026-01-22T22:58:41","modified_gmt":"2026-01-22T21:58:41","slug":"3-fevrier-2026-avenir-pour-les-specialistes-en-migration","status":"publish","type":"post","link":"https:\/\/migrationplus.ch\/fr\/3-fevrier-2026-avenir-pour-les-specialistes-en-migration\/","title":{"rendered":"3 f\u00e9vrier 2026 | Avenir pour les sp\u00e9cialistes en migration"},"content":{"rendered":"<h2>Save the date<\/h2>\n<p>D\u00e9couvre les parcours professionnels et les r\u00e9ussites de sp\u00e9cialistes en migration dipl\u00f4m\u00e9\u00b7e\u00b7s et profite de l\u2019occasion pour \u00e9largir ton r\u00e9seau.<\/p>\n<p><a href=\"https:\/\/migrationplus.ch\/wp-content\/uploads\/avenir-SpM-invitation-migrationplus-3-fev-2026-1.pdf\">T\u00e9l\u00e9charger le flyer<\/a><\/p>\n<p><strong>Inscription jusqu\u2019au 30 janvier 2026<\/strong><\/p>\n","protected":false},"excerpt":{"rendered":"<p>Save the date D\u00e9couvre les parcours professionnels et les r\u00e9ussites <a href=\"https:\/\/migrationplus.ch\/fr\/3-fevrier-2026-avenir-pour-les-specialistes-en-migration\/\"> [&#8230;]<\/a><\/p>\n","protected":false},"author":1,"featured_media":1711,"comment_status":"closed","ping_status":"open","sticky":false,"template":"","format":"standard","meta":{"footnotes":""},"categories":[11],"tags":[],"class_list":["post-1708","post","type-post","status-publish","format-standard","has-post-thumbnail","hentry","category-post"],"_links":{"self":[{"href":"https:\/\/migrationplus.ch\/fr\/wp-json\/wp\/v2\/posts\/1708","targetHints":{"allow":["GET"]}}],"collection":[{"href":"https:\/\/migrationplus.ch\/fr\/wp-json\/wp\/v2\/posts"}],"about":[{"href":"https:\/\/migrationplus.ch\/fr\/wp-json\/wp\/v2\/types\/post"}],"author":[{"embeddable":true,"href":"https:\/\/migrationplus.ch\/fr\/wp-json\/wp\/v2\/users\/1"}],"replies":[{"embeddable":true,"href":"https:\/\/migrationplus.ch\/fr\/wp-json\/wp\/v2\/comments?post=1708"}],"version-history":[{"count":4,"href":"https:\/\/migrationplus.ch\/fr\/wp-json\/wp\/v2\/posts\/1708\/revisions"}],"predecessor-version":[{"id":1719,"href":"https:\/\/migrationplus.ch\/fr\/wp-json\/wp\/v2\/posts\/1708\/revisions\/1719"}],"wp:featuredmedia":[{"embeddable":true,"href":"https:\/\/migrationplus.ch\/fr\/wp-json\/wp\/v2\/media\/1711"}],"wp:attachment":[{"href":"https:\/\/migrationplus.ch\/fr\/wp-json\/wp\/v2\/media?parent=1708"}],"wp:term":[{"taxonomy":"category","embeddable":true,"href":"https:\/\/migrationplus.ch\/fr\/wp-json\/wp\/v2\/categories?post=1708"},{"taxonomy":"post_tag","embeddable":true,"href":"https:\/\/migrationplus.ch\/fr\/wp-json\/wp\/v2\/tags?post=1708"}],"curies":[{"name":"wp","href":"https:\/\/api.w.org\/{rel}","templated":true}]}}