{"id":1506,"date":"2023-04-27T16:16:41","date_gmt":"2023-04-27T14:16:41","guid":{"rendered":"http:\/\/migrationplus.ch\/?p=1506"},"modified":"2023-04-27T16:36:13","modified_gmt":"2023-04-27T14:36:13","slug":"la-migration-du-travial-et-ses-consequences-mardi-23-mai-2023-a-bienne","status":"publish","type":"post","link":"https:\/\/migrationplus.ch\/fr\/la-migration-du-travial-et-ses-consequences-mardi-23-mai-2023-a-bienne\/","title":{"rendered":"\u00c9v\u00e8nement pour sp\u00e9cialistes 2023: La Migration du travail et ses cons\u00e9quences, Mardi, 23 mai 2023 \u00e0 Bienne"},"content":{"rendered":"<h1>La Migration du travail et ses cons\u00e9quences<\/h1>\n<h2>L&rsquo;exposition \u00ab\u00a0Nous, saisonniers, saisonni\u00e8res &#8230;\u00a0\u00bb t\u00e9moigne des conditions du travail saisonnier en Suisse, de 1932 \u00e0 2022, et trace des parall\u00e8les avec la migration \u00e9conomique d\u2019aujourd\u2019hui.<\/h2>\n<p><strong>Date\u00a0\u00a0\u00a0<\/strong> \u00a0\u00a0\u00a0\u00a0 \u00a0\u00a0\u00a0\u00a0\u00a0\u00a0\u00a0\u00a0\u00a0\u00a0\u00a0\u00a0\u00a0 Mardi, 23 mai 2023, 16h30 d\u00e9but de la visite guid\u00e9e, 18h00 ap\u00e9ritif<\/p>\n<p><strong>Lieu\u00a0\u00a0\u00a0<\/strong> \u00a0\u00a0\u00a0\u00a0\u00a0\u00a0\u00a0\u00a0\u00a0\u00a0\u00a0\u00a0\u00a0\u00a0\u00a0\u00a0\u00a0\u00a0\u00a0 NMB Nouveau Mus\u00e9e Bienne, Faubourg du Lac 52, 2502 Bienne<\/p>\n<p><strong>Conf\u00e9rencier\u00a0<\/strong>\u00a0\u00a0\u00a0\u00a0 Florian Eitel, conservateur de l\u2019exposition \u00ab Nous, saisonniers, saisonni\u00e8res&#8230; \u00bb<\/p>\n<p>&nbsp;<\/p>\n<h3><strong>Th\u00e8me<\/strong><\/h3>\n<p>Des dizaines de milliers de saisonni\u00e8res et de saisonniers ont particip\u00e9 \u00e0 la construction des infrastructures et des b\u00e2timents en Suisse, au travail dans l&rsquo;h\u00f4tellerie et la restauration et dans l&rsquo;agriculture au cours de la seconde moiti\u00e9 du 20<sup>\u00e8me<\/sup> si\u00e8cle. Les saisonni\u00e8res et saisonniers ont connu des conditions de travail et de vie difficiles. Ces personnes sont souvent absentes de la m\u00e9moire collective suisse, alors qu&rsquo;elles ont non seulement soutenu l\u2019\u00e9conomie, mais aussi marqu\u00e9 notre soci\u00e9t\u00e9 tout comme les autres travailleuses et travailleurs immigr\u00e9\u00b7e\u00b7s.<\/p>\n<p>&nbsp;<\/p>\n<h3><strong>Contenu<\/strong><\/h3>\n<p>L&rsquo;exposition montre les dures conditions de travail et de vie des saisonni\u00e8res et saisonniers au cours des nonante derni\u00e8res ann\u00e9es. Ces personnes \u00e9taient s\u00e9par\u00e9es de leurs familles. Elles vivaient dans des logements pr\u00e9caires ou des baraquements et \u00e9taient souvent livr\u00e9es au bon vouloir de leur employeur (www.nmbienne.ch).<\/p>\n<p>&nbsp;<\/p>\n<h3><strong>Public vis\u00e9<\/strong><\/h3>\n<p>Sp\u00e9cialistes, responsables, professionnelles et professionnels de tous les domaines de la vie confront\u00e9\u00b7e\u00b7s et\/ou int\u00e9ress\u00e9\u00b7e\u00b7s par la th\u00e9matique.<\/p>\n<p>&nbsp;<\/p>\n<h3><strong>Inscription et co\u00fbt<\/strong><\/h3>\n<p>En raison nombre du nombre de places limit\u00e9 et de l\u2019organisation de l\u2019ap\u00e9ritif,<\/p>\n<p><strong>l\u2019inscription est obligatoire par courriel<\/strong> \u00e0\u00a0: <a href=\"mailto:olivier.wilden@migrationplus.ch\">olivier.wilden@migrationplus.ch<\/a> jusqu\u2019au <u>18 mai 2023<\/u>.<\/p>\n<p>&nbsp;<\/p>\n<p>Merci d\u2019indiquer : Pr\u00e9nom, nom, courriel, organisation*, fonction*, t\u00e9l\u00e9phone* (*en option)<\/p>\n<p>ainsi que le nom de la manifestation (expo Saisoniers).<\/p>\n<p>&nbsp;<\/p>\n<p>Le co\u00fbt d\u2019entr\u00e9e est de 11 francs par personne, visite guid\u00e9e et ap\u00e9ritif offerts.<\/p>\n<p>L\u2019entr\u00e9e est gratuite pour les membres de l\u2019association migrationplus.<\/p>\n<p>Les non-membres paient le droit d\u2019entr\u00e9e \u00e0 la caisse.<\/p>\n","protected":false},"excerpt":{"rendered":"<p>La Migration du travail et ses cons\u00e9quences L&rsquo;exposition \u00ab\u00a0Nous, saisonniers, <a href=\"https:\/\/migrationplus.ch\/fr\/la-migration-du-travial-et-ses-consequences-mardi-23-mai-2023-a-bienne\/\"> [&#8230;]<\/a><\/p>\n","protected":false},"author":2,"featured_media":1493,"comment_status":"closed","ping_status":"open","sticky":false,"template":"","format":"standard","meta":{"footnotes":""},"categories":[11],"tags":[],"class_list":["post-1506","post","type-post","status-publish","format-standard","has-post-thumbnail","hentry","category-post"],"_links":{"self":[{"href":"https:\/\/migrationplus.ch\/fr\/wp-json\/wp\/v2\/posts\/1506","targetHints":{"allow":["GET"]}}],"collection":[{"href":"https:\/\/migrationplus.ch\/fr\/wp-json\/wp\/v2\/posts"}],"about":[{"href":"https:\/\/migrationplus.ch\/fr\/wp-json\/wp\/v2\/types\/post"}],"author":[{"embeddable":true,"href":"https:\/\/migrationplus.ch\/fr\/wp-json\/wp\/v2\/users\/2"}],"replies":[{"embeddable":true,"href":"https:\/\/migrationplus.ch\/fr\/wp-json\/wp\/v2\/comments?post=1506"}],"version-history":[{"count":8,"href":"https:\/\/migrationplus.ch\/fr\/wp-json\/wp\/v2\/posts\/1506\/revisions"}],"predecessor-version":[{"id":1514,"href":"https:\/\/migrationplus.ch\/fr\/wp-json\/wp\/v2\/posts\/1506\/revisions\/1514"}],"wp:featuredmedia":[{"embeddable":true,"href":"https:\/\/migrationplus.ch\/fr\/wp-json\/wp\/v2\/media\/1493"}],"wp:attachment":[{"href":"https:\/\/migrationplus.ch\/fr\/wp-json\/wp\/v2\/media?parent=1506"}],"wp:term":[{"taxonomy":"category","embeddable":true,"href":"https:\/\/migrationplus.ch\/fr\/wp-json\/wp\/v2\/categories?post=1506"},{"taxonomy":"post_tag","embeddable":true,"href":"https:\/\/migrationplus.ch\/fr\/wp-json\/wp\/v2\/tags?post=1506"}],"curies":[{"name":"wp","href":"https:\/\/api.w.org\/{rel}","templated":true}]}}