{"id":1462,"date":"2022-07-09T09:48:54","date_gmt":"2022-07-09T07:48:54","guid":{"rendered":"http:\/\/migrationplus.ch\/?p=1462"},"modified":"2022-07-09T09:48:54","modified_gmt":"2022-07-09T07:48:54","slug":"24-juin-2022-ceremonie-de-certification-de-lexamen-professionnel-de-specialiste-de-la-migration","status":"publish","type":"post","link":"https:\/\/migrationplus.ch\/fr\/24-juin-2022-ceremonie-de-certification-de-lexamen-professionnel-de-specialiste-de-la-migration\/","title":{"rendered":"24 juin 2022 : C\u00e9r\u00e9monie de certification de l&rsquo;examen professionnel de sp\u00e9cialiste de la migration."},"content":{"rendered":"<p><strong>24 juin 2022 : C\u00e9r\u00e9monie de certification de l&rsquo;examen professionnel de sp\u00e9cialiste de la migration. <\/strong><\/p>\n<p><strong>\u00a0<\/strong>Nous f\u00e9licitons les dipl\u00f4m\u00e9s et les dipl\u00f4mantes pour ce succ\u00e8s bien m\u00e9rit\u00e9. Au total, 52 sp\u00e9cialistes de la migration parlant fran\u00e7ais ou allemand ont re\u00e7u leur brevet f\u00e9d\u00e9ral.<\/p>\n<p>Outre le discours d&rsquo;Anne-C\u00e9cile Leyvraz de Caritas Suisse, des interventions ont \u00e9t\u00e9 faites par les dipl\u00f4m\u00e9s de la formation Nassir El- Betajali et Tanja Sidler. Le groupe musical Alizarin, aux multiples facettes, a donn\u00e9 un cadre joyeux \u00e0 la c\u00e9r\u00e9monie.<\/p>\n","protected":false},"excerpt":{"rendered":"<p>24 juin 2022 : C\u00e9r\u00e9monie de certification de l&rsquo;examen professionnel <a href=\"https:\/\/migrationplus.ch\/fr\/24-juin-2022-ceremonie-de-certification-de-lexamen-professionnel-de-specialiste-de-la-migration\/\"> [&#8230;]<\/a><\/p>\n","protected":false},"author":2,"featured_media":1452,"comment_status":"closed","ping_status":"open","sticky":false,"template":"","format":"standard","meta":{"footnotes":""},"categories":[11],"tags":[],"class_list":["post-1462","post","type-post","status-publish","format-standard","has-post-thumbnail","hentry","category-post"],"_links":{"self":[{"href":"https:\/\/migrationplus.ch\/fr\/wp-json\/wp\/v2\/posts\/1462","targetHints":{"allow":["GET"]}}],"collection":[{"href":"https:\/\/migrationplus.ch\/fr\/wp-json\/wp\/v2\/posts"}],"about":[{"href":"https:\/\/migrationplus.ch\/fr\/wp-json\/wp\/v2\/types\/post"}],"author":[{"embeddable":true,"href":"https:\/\/migrationplus.ch\/fr\/wp-json\/wp\/v2\/users\/2"}],"replies":[{"embeddable":true,"href":"https:\/\/migrationplus.ch\/fr\/wp-json\/wp\/v2\/comments?post=1462"}],"version-history":[{"count":1,"href":"https:\/\/migrationplus.ch\/fr\/wp-json\/wp\/v2\/posts\/1462\/revisions"}],"predecessor-version":[{"id":1463,"href":"https:\/\/migrationplus.ch\/fr\/wp-json\/wp\/v2\/posts\/1462\/revisions\/1463"}],"wp:featuredmedia":[{"embeddable":true,"href":"https:\/\/migrationplus.ch\/fr\/wp-json\/wp\/v2\/media\/1452"}],"wp:attachment":[{"href":"https:\/\/migrationplus.ch\/fr\/wp-json\/wp\/v2\/media?parent=1462"}],"wp:term":[{"taxonomy":"category","embeddable":true,"href":"https:\/\/migrationplus.ch\/fr\/wp-json\/wp\/v2\/categories?post=1462"},{"taxonomy":"post_tag","embeddable":true,"href":"https:\/\/migrationplus.ch\/fr\/wp-json\/wp\/v2\/tags?post=1462"}],"curies":[{"name":"wp","href":"https:\/\/api.w.org\/{rel}","templated":true}]}}