{"id":1140,"date":"2021-05-31T15:00:21","date_gmt":"2021-05-31T13:00:21","guid":{"rendered":"http:\/\/migrationplus.ch\/?p=1140"},"modified":"2022-01-26T10:20:34","modified_gmt":"2022-01-26T09:20:34","slug":"conference-2021-a-lausanne-simplifier-les-documents-pour-favoriser-lintegration","status":"publish","type":"post","link":"https:\/\/migrationplus.ch\/fr\/conference-2021-a-lausanne-simplifier-les-documents-pour-favoriser-lintegration\/","title":{"rendered":"Conf\u00e9rence 2021 \u00e0 Lausanne \u00ab\u00a0Simplifier les documents pour favoriser l\u2019int\u00e9gration\u00a0\u00bb"},"content":{"rendered":"<h2>Simplifier les documents pour favoriser l\u2019int\u00e9gration<\/h2>\n<p><strong>Date <\/strong>\u00a0\u00a0\u00a0\u00a0\u00a0\u00a0\u00a0\u00a0\u00a0\u00a0\u00a0\u00a0\u00a0\u00a0\u00a0\u00a0\u00a0 Mercredi 8 septembre 2021<\/p>\n<p><strong>Horaire<\/strong>\u00a0\u00a0\u00a0\u00a0\u00a0\u00a0\u00a0\u00a0\u00a0\u00a0\u00a0\u00a0 \u00a0 13h.30 \u00e0 17h.30<\/p>\n<p><strong>Lieu<\/strong>\u00a0\u00a0\u00a0\u00a0\u00a0\u00a0\u00a0\u00a0\u00a0\u00a0\u00a0\u00a0\u00a0\u00a0\u00a0\u00a0\u00a0\u00a0\u00a0\u00a0 CPO, Centre Pluriculturel d\u2019Ouchy, salle 6,G Ch. Beau-Rivage 2,1006 Lausanne<br \/>\n(\u00e0 10 minutes \u00e0 pied de la gare de Lausanne, en suivant la ligne du M\u00e9tro M2 Transports publics\u00a0: M2, arr\u00eat D\u00e9lices, Bus 2, arr\u00eat Croix-d\u2019Ouchy)<\/p>\n<p>&nbsp;<\/p>\n<p><strong>Conf\u00e9renci\u00e8re<br \/>\n<\/strong><strong>Virginie Rochat <\/strong>est ethnolinguiste et formatrice, elle a \u00e9t\u00e9 responsable de Lire et Ecrire Neuch\u00e2tel durant 7 ans et a lanc\u00e9 le projet d\u2019acc\u00e8s \u00e0 l\u2019information.<\/p>\n<p>&nbsp;<\/p>\n<p><strong>Th\u00e8me<\/strong><\/p>\n<p>La crise du COVID a montr\u00e9 l\u2019importance des informations \u00e9crites simples et accessibles \u00e0 chacun-e. Simplifier les textes, que ce soit sur support papier ou informatique, est un enjeu primordial pour la coh\u00e9sion sociale. Comprendre ses droits et obligations est central pour une bonne int\u00e9gration. Ainsi, tout-e professionnel-le qui r\u00e9dige des textes destin\u00e9 \u00e0 un large public, \u00e0 des personnes faiblement qualifi\u00e9es et\/ou allophones, devrait conna\u00eetre quelques r\u00e8gles de base en mati\u00e8re de simplification des documents.<\/p>\n<p>&nbsp;<\/p>\n<p><strong>Objectifs<\/strong><\/p>\n<p>A la fin du module, vous serez capable de\u00a0:<\/p>\n<ul>\n<li>Mieux comprendre la diff\u00e9rence entre les comp\u00e9tences linguistiques \u00e0 l\u2019oral et \u00e0 l\u2019\u00e9crit.<\/li>\n<li>Mieux comprendre la probl\u00e9matique des niveaux \u00e0 l\u2019\u00e9crit.<\/li>\n<li>Citer les quatre axes principaux de la simplification des textes.<\/li>\n<li>Simplifier vos propres textes ou les textes de votre institution.<\/li>\n<li>Identifier les obstacles \u00e0 la simplification (r\u00e9glementation, identit\u00e9 professionnelle).<\/li>\n<\/ul>\n<p>Notions abord\u00e9es\u00a0: fran\u00e7ais facile \u00e0 lire et \u00e0 comprendre (FALC), langage simplifi\u00e9, niveaux d\u2019\u00e9crit, illettrisme, analphab\u00e9tisme, niveau de litt\u00e9ratie. Pour les travaux pratiques, nous vous invitions \u00e0 prendre des documents authentiques li\u00e9s \u00e0 votre pratique professionnelle afin de mettre en pratique les principes de la simplification<\/p>\n<p>&nbsp;<\/p>\n<p><strong>Public vis\u00e9<\/strong><\/p>\n<p>Les sp\u00e9cialistes, les responsables et les professionnel-le-s du domaine de la migration qui pratiquent la communication \u00e9crite\u00a0: courriers, documents, formulaires, flyers, site internet, etc.<\/p>\n<p>&nbsp;<\/p>\n<p><strong>Inscription et co\u00fbt<\/strong><\/p>\n<p>Inscription par e-mail \u00e0 Thierry Possa: <a href=\"mailto:thierry.possa@migrationplus.ch\">thierry.possa@migrationplus.ch<\/a> avant le 16 ao\u00fbt 2021 avec les informations suivantes : Pr\u00e9nom, nom, courriel, organisation*, fonction*, t\u00e9l\u00e9phone* (*optionnel)<\/p>\n<p>Co\u00fbt : CHF 120.00, (membres CHF 90.00), nombre de places limit\u00e9es ! Vous recevrez une facture par courrier \u00e9lectronique. En cas d&rsquo;annulation \u00e0 court terme apr\u00e8s la date limite d&rsquo;inscription, des frais de dossier de CHF 50.00 seront factur\u00e9s.<\/p>\n<p><a href=\"https:\/\/migrationplus.ch\/wp-content\/uploads\/Conf\u00e9rence-migrationplus-langage-simplifi\u00e9-08.09.2021-\u00e0-Lausanne.pdf\">Conf\u00e9rence migrationplus langage simplifi\u00e9 08.09.2021 \u00e0 Lausanne<\/a><\/p>\n","protected":false},"excerpt":{"rendered":"<p>Simplifier les documents pour favoriser l\u2019int\u00e9gration Date \u00a0\u00a0\u00a0\u00a0\u00a0\u00a0\u00a0\u00a0\u00a0\u00a0\u00a0\u00a0\u00a0\u00a0\u00a0\u00a0\u00a0 Mercredi 8 <a href=\"https:\/\/migrationplus.ch\/fr\/conference-2021-a-lausanne-simplifier-les-documents-pour-favoriser-lintegration\/\"> [&#8230;]<\/a><\/p>\n","protected":false},"author":2,"featured_media":1387,"comment_status":"closed","ping_status":"open","sticky":false,"template":"","format":"standard","meta":{"footnotes":""},"categories":[11],"tags":[],"class_list":["post-1140","post","type-post","status-publish","format-standard","has-post-thumbnail","hentry","category-post"],"_links":{"self":[{"href":"https:\/\/migrationplus.ch\/fr\/wp-json\/wp\/v2\/posts\/1140","targetHints":{"allow":["GET"]}}],"collection":[{"href":"https:\/\/migrationplus.ch\/fr\/wp-json\/wp\/v2\/posts"}],"about":[{"href":"https:\/\/migrationplus.ch\/fr\/wp-json\/wp\/v2\/types\/post"}],"author":[{"embeddable":true,"href":"https:\/\/migrationplus.ch\/fr\/wp-json\/wp\/v2\/users\/2"}],"replies":[{"embeddable":true,"href":"https:\/\/migrationplus.ch\/fr\/wp-json\/wp\/v2\/comments?post=1140"}],"version-history":[{"count":1,"href":"https:\/\/migrationplus.ch\/fr\/wp-json\/wp\/v2\/posts\/1140\/revisions"}],"predecessor-version":[{"id":1350,"href":"https:\/\/migrationplus.ch\/fr\/wp-json\/wp\/v2\/posts\/1140\/revisions\/1350"}],"wp:featuredmedia":[{"embeddable":true,"href":"https:\/\/migrationplus.ch\/fr\/wp-json\/wp\/v2\/media\/1387"}],"wp:attachment":[{"href":"https:\/\/migrationplus.ch\/fr\/wp-json\/wp\/v2\/media?parent=1140"}],"wp:term":[{"taxonomy":"category","embeddable":true,"href":"https:\/\/migrationplus.ch\/fr\/wp-json\/wp\/v2\/categories?post=1140"},{"taxonomy":"post_tag","embeddable":true,"href":"https:\/\/migrationplus.ch\/fr\/wp-json\/wp\/v2\/tags?post=1140"}],"curies":[{"name":"wp","href":"https:\/\/api.w.org\/{rel}","templated":true}]}}